{"id":2021,"date":"2021-05-04T11:47:56","date_gmt":"2021-05-04T09:47:56","guid":{"rendered":"https:\/\/czasnamoto.pl\/?p=2021"},"modified":"2021-05-04T11:47:56","modified_gmt":"2021-05-04T09:47:56","slug":"motoryzacyjne-tendencje-zakupowe-polakow","status":"publish","type":"post","link":"https:\/\/czasnamoto.pl\/index.php\/2021\/05\/04\/motoryzacyjne-tendencje-zakupowe-polakow\/","title":{"rendered":"Motoryzacyjne tendencje zakupowe Polak\u00f3w."},"content":{"rendered":"\n<p>&nbsp;<br>Pomimo, \u017ce pod koniec 2019 roku zak\u0142adano spadek sprzeda\u017cy aut w kolejnym roku, ze wzgl\u0119du na&nbsp; zmiany w prawie unijnym, wymuszaj\u0105ce na producentach nowe rozwi\u0105zania techniczne, prowadz\u0105ce do wy\u017cszych cen aut, jednak pandemia tym bardziej zmniejszy\u0142a sprzeda\u017c w tym sektorze rynku. W pierwszych miesi\u0105cach roku popyt na samochody si\u0119 zmniejszy\u0142, ze wzgl\u0119du na mniejsze ni\u017c tradycyjnie zainteresowanie kupnem aut ze strony firm i instytucji, kt\u00f3re w znacznym stopniu wp\u0142ywaj\u0105 na wysoki poziom rejestracji nowych samochod\u00f3w osobowych w Polsce, przewa\u017caj\u0105c nad zakupami klient\u00f3w indywidualnych. Dane Centralnej Ewidencji Pojazd\u00f3w i Kierowc\u00f3w, wskaza\u0142y, \u017ce w styczniu 2021 roku zarejestrowano w Polsce o ponad 20% mniej samochod\u00f3w osobowych i dostawczych ni\u017c rok wcze\u015bniej, co i tak jest niez\u0142ym, bo \u00f3smym wynikiem pod wzgl\u0119dem sprzeda\u017cy aut w\u015br\u00f3d trzydziestu rynk\u00f3w w Europie.<\/p>\n\n\n\n<p>Po ponad roku pandemii zar\u00f3wno producenci, sprzedawcy, klienci w praktyce&nbsp; nauczyli si\u0119 dzia\u0142a\u0107 w czasie koronawirusa i zainteresowanie zakupem wzros\u0142o a przewidywania pod wzgl\u0119dem rejestracji nowych samochod\u00f3w wskazuj\u0105 na wzrost o prawie 10% dla nowych samochod\u00f3w osobowych i prawie 6% dla samochod\u00f3w dostawczych w por\u00f3wnaniu z 2020 rokiem. Od czerwca 2020 roku z lekk\u0105 przerw\u0105 ze wzgl\u0119du na fal\u0119 jesienn\u0105, zauwa\u017calny jest wzrost zainteresowania samochodami osobowymi.<\/p>\n\n\n\n<p><strong>Toyota, Skoda i Volkswagen wci\u0105\u017c najch\u0119tniej wybieranymi markami<\/strong><\/p>\n\n\n\n<p>Por\u00f3wnuj\u0105c dane z poprzedniego i obecnego roku dotycz\u0105ce upodoba\u0144 Polak\u00f3w odno\u015bnie wybranych marek i modeli samochod\u00f3w, nie zauwa\u017cono radykalnych zmian w upodobaniach klient\u00f3w. Jedynymi markami, kt\u00f3re nie odczu\u0142y wp\u0142ywu pandemii a nawet zanotowa\u0142y wzrost wp\u0142yw\u00f3w, to Audi i Lexus. Najpopularniejsze od lat marki samochod\u00f3w wybierane przez Polak\u00f3w to Toyota, Skoda i Volkswagen. Najcz\u0119\u015bciej kupowanym autem w 2020 roku by\u0142a Skoda Octavia, nast\u0119pnie Toyota Corolla, Toyota Yaris, Skoda Fabia, Dacia Duster, Toyota RAV4, Fiat Tipo, Renault Clio, Toyota C-HR a pierwsz\u0105 dziesi\u0105tk\u0119 zamyka Volkswagen Golf.<\/p>\n\n\n\n<figure class=\"wp-block-image size-large\"><img fetchpriority=\"high\" decoding=\"async\" width=\"1024\" height=\"633\" src=\"https:\/\/czasnamoto.pl\/wp-content\/uploads\/2021\/03\/volvo-2396040_1920-1024x633.jpg\" alt=\"\" class=\"wp-image-2013\" srcset=\"https:\/\/czasnamoto.pl\/wp-content\/uploads\/2021\/03\/volvo-2396040_1920-1024x633.jpg 1024w, https:\/\/czasnamoto.pl\/wp-content\/uploads\/2021\/03\/volvo-2396040_1920-300x185.jpg 300w, https:\/\/czasnamoto.pl\/wp-content\/uploads\/2021\/03\/volvo-2396040_1920-768x475.jpg 768w, https:\/\/czasnamoto.pl\/wp-content\/uploads\/2021\/03\/volvo-2396040_1920-1536x950.jpg 1536w, https:\/\/czasnamoto.pl\/wp-content\/uploads\/2021\/03\/volvo-2396040_1920-150x93.jpg 150w, https:\/\/czasnamoto.pl\/wp-content\/uploads\/2021\/03\/volvo-2396040_1920-450x278.jpg 450w, https:\/\/czasnamoto.pl\/wp-content\/uploads\/2021\/03\/volvo-2396040_1920-1200x742.jpg 1200w, https:\/\/czasnamoto.pl\/wp-content\/uploads\/2021\/03\/volvo-2396040_1920.jpg 1920w\" sizes=\"(max-width: 1024px) 100vw, 1024px\" \/><\/figure>\n\n\n\n<p><strong>Mniejszy import samochod\u00f3w u\u017cywanych<\/strong><\/p>\n\n\n\n<p>W 2020 roku do Polski trafi\u0142o prawie 850 tysi\u0119cy pojazd\u00f3w, czyli o 16% mniej ni\u017c rok wcze\u015bniej. W\u015br\u00f3d najcz\u0119\u015bciej wybieranych aut u\u017cywanych przoduje Volkswagen, przed Oplem, Fordem, Audi, Renault i BMW. Zwi\u0119kszy\u0142 si\u0119 popyt na auta u\u017cywane, jednak poda\u017c os\u0142ab\u0142a i znalezienie odpowiedniego samochodu sta\u0142o si\u0119 trudniejsze. Jest mniej samochod\u00f3w dost\u0119pnych na rynku, m.in. dlatego, \u017ce wiele firm i klient\u00f3w indywidualnych wstrzyma\u0142o si\u0119 z wymian\u0105 aut na nowe. Analitycy przewiduj\u0105 kilka wariant\u00f3w wp\u0142ywu obecnej sytuacji na rynek motoryzacyjny. Przez fakt mniejszej poda\u017cy aut a wci\u0105\u017c rosn\u0105cego popytu, skraca si\u0119 czas sprzeda\u017cy samochod\u00f3w, aby nie straci\u0107 okazji, a to mo\u017ce wp\u0142yn\u0105\u0107 na mniej wybredne oczekiwania oraz w konsekwencji import do kraju coraz starszych aut w gorszym stanie technicznym.<\/p>\n\n\n\n<p>Spo\u015br\u00f3d badanych przez GfK trzech grup wiekowych 25-34 lata, 35-44, 45-55, najwi\u0119kszy odsetek kierowc\u00f3w, bo a\u017c 84% jest w\u015br\u00f3d os\u00f3b mi\u0119dzy 35 a 44 rokiem \u017cycia. Z tych samych bada\u0144 wynika, \u017ce 3\/4 w\u0142a\u015bcicieli samochod\u00f3w deklaruje, i\u017c ich samoch\u00f3d ma nie wi\u0119cej ni\u017c 15 lat. Najm\u0142odszymi autami (do 10 lat) je\u017adzi 70% os\u00f3b z najm\u0142odszej grupy wiekowej, w tym wi\u0119kszo\u015b\u0107 kobiet. Tymi starszymi autami, jak wynika z bada\u0144, najcz\u0119\u015bciej je\u017cd\u017c\u0105 osoby mi\u0119dzy 45 a 55 rokiem \u017cycia. W\u015br\u00f3d kierowc\u00f3w, kobiety (57%) cz\u0119\u015bciej ni\u017c m\u0119\u017cczy\u017ani (42%) je\u017cd\u017c\u0105 pojazdami m\u0142odszymi i nowszymi. Z bada\u0144 wynika, \u017ce to kobiety cz\u0119\u015bciej ni\u017c m\u0119\u017cczy\u017ani kupuj\u0105 i rejestruj\u0105 samochody, co wynika z widocznej w ostatnich latach przemiany spo\u0142ecznej.<\/p>\n\n\n\n<p>Jednocze\u015bnie wzros\u0142a sprzeda\u017c aut elektrycznych jak r\u00f3wnie\u017c sprzeda\u017c aut przez internet, poniewa\u017c zmieni\u0142y si\u0119 nawyki zakupowe klient\u00f3w wywo\u0142ane pandemi\u0105. Coraz sprawniejsza realizacja drog\u0105 internetow\u0105 wielu us\u0142ug zwi\u0105zanych z samochodem, jak sprzeda\u017c pakiet\u00f3w ubezpieczeniowych czy serwisowych, wp\u0142yn\u0119\u0142a na otwarto\u015b\u0107 wi\u0119kszej grupy klient\u00f3w na transakcje internetowe. Jednocze\u015bnie w\u0142a\u015bnie przez wzgl\u0105d na koronawirusa wielu Polak\u00f3w uwa\u017ca auto za najbezpieczniejszy \u015brodek transportu i ich intencje zakupowe s\u0105 obiecuj\u0105ce. 70% ankietowanych badania firmy AFC&nbsp; uzna\u0142o na pocz\u0105tku tego roku, \u017ce pandemia nie ma wp\u0142ywu na ich plany zakupu auta. G\u0142\u00f3wnym czynnikiem sta\u0142 si\u0119 koszt auta albo wysoko\u015b\u0107 rat, aby dopasowa\u0107 wyb\u00f3r pod sw\u00f3j aktualny bud\u017cet.<\/p>\n","protected":false},"excerpt":{"rendered":"<p>&nbsp;Pomimo, \u017ce pod koniec 2019 roku zak\u0142adano spadek sprzeda\u017cy aut w kolejnym roku, ze wzgl\u0119du na&nbsp; zmiany w prawie unijnym, wymuszaj\u0105ce na producentach nowe rozwi\u0105zania techniczne, prowadz\u0105ce do wy\u017cszych cen aut, jednak pandemia tym bardziej zmniejszy\u0142a sprzeda\u017c w tym sektorze rynku. W pierwszych miesi\u0105cach roku popyt na samochody si\u0119 zmniejszy\u0142, ze wzgl\u0119du na mniejsze ni\u017c<\/p>\n","protected":false},"author":2,"featured_media":2022,"comment_status":"closed","ping_status":"closed","sticky":false,"template":"","format":"standard","meta":{"footnotes":""},"categories":[36,47],"tags":[34,38],"class_list":{"0":"post-2021","1":"post","2":"type-post","3":"status-publish","4":"format-standard","5":"has-post-thumbnail","7":"category-wiadomosci","8":"category-wszystkie","9":"tag-auto","10":"tag-zakup-auta"},"amp_enabled":true,"_links":{"self":[{"href":"https:\/\/czasnamoto.pl\/index.php\/wp-json\/wp\/v2\/posts\/2021","targetHints":{"allow":["GET"]}}],"collection":[{"href":"https:\/\/czasnamoto.pl\/index.php\/wp-json\/wp\/v2\/posts"}],"about":[{"href":"https:\/\/czasnamoto.pl\/index.php\/wp-json\/wp\/v2\/types\/post"}],"author":[{"embeddable":true,"href":"https:\/\/czasnamoto.pl\/index.php\/wp-json\/wp\/v2\/users\/2"}],"replies":[{"embeddable":true,"href":"https:\/\/czasnamoto.pl\/index.php\/wp-json\/wp\/v2\/comments?post=2021"}],"version-history":[{"count":0,"href":"https:\/\/czasnamoto.pl\/index.php\/wp-json\/wp\/v2\/posts\/2021\/revisions"}],"wp:featuredmedia":[{"embeddable":true,"href":"https:\/\/czasnamoto.pl\/index.php\/wp-json\/wp\/v2\/media\/2022"}],"wp:attachment":[{"href":"https:\/\/czasnamoto.pl\/index.php\/wp-json\/wp\/v2\/media?parent=2021"}],"wp:term":[{"taxonomy":"category","embeddable":true,"href":"https:\/\/czasnamoto.pl\/index.php\/wp-json\/wp\/v2\/categories?post=2021"},{"taxonomy":"post_tag","embeddable":true,"href":"https:\/\/czasnamoto.pl\/index.php\/wp-json\/wp\/v2\/tags?post=2021"}],"curies":[{"name":"wp","href":"https:\/\/api.w.org\/{rel}","templated":true}]}}