{"id":1948,"date":"2020-12-11T13:33:32","date_gmt":"2020-12-11T12:33:32","guid":{"rendered":"https:\/\/czasnamoto.pl\/?p=1948"},"modified":"2020-12-11T13:33:32","modified_gmt":"2020-12-11T12:33:32","slug":"o-czym-kierowcy-zapominaja-w-sezonie-jesienno-zimowym","status":"publish","type":"post","link":"https:\/\/czasnamoto.pl\/index.php\/2020\/12\/11\/o-czym-kierowcy-zapominaja-w-sezonie-jesienno-zimowym\/","title":{"rendered":"O czym kierowcy zapominaj\u0105 w sezonie jesienno &#8211; zimowym?"},"content":{"rendered":"\n<p>Jesie\u0144 i zima wymagaj\u0105 zmiany przyzwyczaje\u0144 od kierowc\u00f3w, aby je\u017adzi\u0107 bezpiecznie. Spory wzrost wypadk\u00f3w na polskich drogach notuje si\u0119 w\u0142a\u015bnie na pocz\u0105tku sezonu jesiennego, gdy pogarszaj\u0105 si\u0119 warunki atmosferyczne, na drogach zalegaj\u0105 li\u015bcie a w ruch id\u0105 wycieraczki, walcz\u0105ce z zanieczyszczeniem szyb.<\/p>\n\n\n\n<figure class=\"wp-block-image size-large\"><img fetchpriority=\"high\" decoding=\"async\" width=\"1024\" height=\"768\" src=\"https:\/\/czasnamoto.pl\/wp-content\/uploads\/2020\/12\/ireland-69819_1920-1024x768.jpg\" alt=\"\" class=\"wp-image-1950\" srcset=\"https:\/\/czasnamoto.pl\/wp-content\/uploads\/2020\/12\/ireland-69819_1920-1024x768.jpg 1024w, https:\/\/czasnamoto.pl\/wp-content\/uploads\/2020\/12\/ireland-69819_1920-300x225.jpg 300w, https:\/\/czasnamoto.pl\/wp-content\/uploads\/2020\/12\/ireland-69819_1920-768x576.jpg 768w, https:\/\/czasnamoto.pl\/wp-content\/uploads\/2020\/12\/ireland-69819_1920-1536x1152.jpg 1536w, https:\/\/czasnamoto.pl\/wp-content\/uploads\/2020\/12\/ireland-69819_1920-150x113.jpg 150w, https:\/\/czasnamoto.pl\/wp-content\/uploads\/2020\/12\/ireland-69819_1920-450x338.jpg 450w, https:\/\/czasnamoto.pl\/wp-content\/uploads\/2020\/12\/ireland-69819_1920-1200x900.jpg 1200w, https:\/\/czasnamoto.pl\/wp-content\/uploads\/2020\/12\/ireland-69819_1920.jpg 1920w\" sizes=\"(max-width: 1024px) 100vw, 1024px\" \/><\/figure>\n\n\n\n<p><strong>Mokre li\u015bcie, silny wiatr, deszcz, \u015bnieg<\/strong><\/p>\n\n\n\n<p>Kr\u00f3tszy dzie\u0144, szybciej zapadaj\u0105cy zmrok, poranne przymrozki, li\u015bcie spadaj\u0105ce z drzew, coraz wi\u0119cej deszczowych czy \u015bnie\u017cnych dni, silny wiatr mog\u0105 zaskoczy\u0107 ma\u0142o skoncentrowanych kierowc\u00f3w i powoduj\u0105, \u017ce jazda staje si\u0119 wyzwaniem. Mokre, brudne li\u015bcie powoduj\u0105, \u017ce jezdnia staje si\u0119 \u015bliska, co wp\u0142ywa na szybk\u0105 utrat\u0119 przyczepno\u015bci, dlatego kierowcy musz\u0105 pami\u0119ta\u0107 o tym, by zmniejszy\u0107 pr\u0119dko\u015b\u0107. Silny wiatr jest w stanie wp\u0142yn\u0105\u0107 na tor jazdy pojazdu, szczeg\u00f3lnie gdy kierowca nie zachowa ostro\u017cno\u015bci na otwartym terenie.<\/p>\n\n\n\n<p>Na wilgotnej od deszczu czy rozpuszczonego \u015bniegu jezdni, droga hamowania znacznie si\u0119 wyd\u0142u\u017ca, \u0142atwo wpa\u015b\u0107 w po\u015blizg, wi\u0119c bezpiecze\u0144stwo kierowcy i pasa\u017cer\u00f3w zale\u017cy nie tylko od umiej\u0119tno\u015bci i ostro\u017cno\u015bci kierowcy, ale r\u00f3wnie\u017c od w\u0142a\u015bciwego stanu opon, kt\u00f3ry gwarantuje odpowiedni\u0105 przyczepno\u015b\u0107.<\/p>\n\n\n\n<p>W zwi\u0105zku z tym, \u017ce szybciej zapada zmierzch, tym bardziej nale\u017cy pami\u0119ta\u0107 o zachowaniu ostro\u017cno\u015bci, szczeg\u00f3lnie w pobli\u017cu przej\u015b\u0107 dla pieszych, gdzie kierowca mo\u017ce mie\u0107 problem z dostrze\u017ceniem pieszych oraz rowerzyst\u00f3w, kt\u00f3rzy cz\u0119sto zapominaj\u0105 o odblaskowych elementach.<\/p>\n\n\n\n<figure class=\"wp-block-image size-large\"><img decoding=\"async\" width=\"1024\" height=\"683\" src=\"https:\/\/czasnamoto.pl\/wp-content\/uploads\/2020\/12\/lance-2033598_1920-1024x683.jpg\" alt=\"\" class=\"wp-image-1951\" srcset=\"https:\/\/czasnamoto.pl\/wp-content\/uploads\/2020\/12\/lance-2033598_1920-1024x683.jpg 1024w, https:\/\/czasnamoto.pl\/wp-content\/uploads\/2020\/12\/lance-2033598_1920-300x200.jpg 300w, https:\/\/czasnamoto.pl\/wp-content\/uploads\/2020\/12\/lance-2033598_1920-768x512.jpg 768w, https:\/\/czasnamoto.pl\/wp-content\/uploads\/2020\/12\/lance-2033598_1920-1536x1024.jpg 1536w, https:\/\/czasnamoto.pl\/wp-content\/uploads\/2020\/12\/lance-2033598_1920-150x100.jpg 150w, https:\/\/czasnamoto.pl\/wp-content\/uploads\/2020\/12\/lance-2033598_1920-450x300.jpg 450w, https:\/\/czasnamoto.pl\/wp-content\/uploads\/2020\/12\/lance-2033598_1920-1200x800.jpg 1200w, https:\/\/czasnamoto.pl\/wp-content\/uploads\/2020\/12\/lance-2033598_1920.jpg 1920w\" sizes=\"(max-width: 1024px) 100vw, 1024px\" \/><\/figure>\n\n\n\n<p>Oczywistym jest, jak kluczowe w takie dni s\u0105 przejrzyste i czyste szyby, aby kierowca mia\u0142 zapewnion\u0105 bardzo dobr\u0105 widoczno\u015b\u0107, kt\u00f3ra jest jednym z podstawowych element\u00f3w bezpiecznej jazdy. Dlatego te\u017c nale\u017cy na bie\u017c\u0105co kontrolowa\u0107 poziom p\u0142ynu do spryskiwaczy.<\/p>\n\n\n\n<p>Warunki atmosferyczne w sezonie jesienno zimowym, nie sprzyjaj\u0105 wygodnej, bezpiecznej je\u017adzie, ze wzgl\u0119du na cz\u0119stsze opady, mg\u0142y oraz silny wiatr. Pami\u0119ta\u0107 nale\u017cy o cz\u0119stej kontroli stanu wycieraczek, kt\u00f3re wielokrotnie zbieraj\u0105c wod\u0119 i li\u015bcie, szybciej mog\u0105 mie\u0107 zu\u017cyte pi\u00f3ra, kt\u00f3re w\u00f3wczas koniecznie trzeba wymieni\u0107.<\/p>\n\n\n\n<p>Opr\u00f3cz dobrej widoczno\u015bci jak\u0105 kierowca musi zapewni\u0107 sobie, konieczne jest r\u00f3wnie\u017c, aby by\u0142 widoczny dla innych, dlatego musi zadba\u0107 w\u0142a\u015bciw\u0105 regulacj\u0119 \u015bwiate\u0142, o czysto\u015b\u0107 reflektor\u00f3w, co jest prawnym obowi\u0105zkiem ka\u017cdego kierowcy.<\/p>\n\n\n\n<p>Nie zaszkodzi przypomnie\u0107, \u017ce opr\u00f3cz odpowiedniego przygotowania pojazdu, w zwi\u0105zku z pogarszaj\u0105cymi si\u0119 warunkami na drodze, tym bardziej nale\u017cy pami\u0119ta\u0107 o zachowaniu bezpiecznej odleg\u0142o\u015bci przed pojazdem poprzedzaj\u0105cym.<\/p>\n\n\n\n<p>Aura jesienna, kr\u00f3tszy dzie\u0144, brak s\u0142o\u0144ca wp\u0142ywa raczej negatywnie na wi\u0119kszo\u015b\u0107 os\u00f3b, powoduj\u0105c zwykle senno\u015b\u0107 i odczucie zm\u0119czenia, co skutkuje zmniejszon\u0105 koncentracj\u0105. A bior\u0105c pod uwag\u0119 wszystkie wy\u017cej wymienione czynniki, wp\u0142ywaj\u0105ce na bezpiecze\u0144stwo jazdy w sezonie jesienno-zimowym, w kt\u00f3re przedstawili\u015bmy, tym bardziej wzmo\u017cona czujno\u015b\u0107 mo\u017ce okaza\u0107 si\u0119 kluczowa w wielu sytuacjach.<\/p>\n","protected":false},"excerpt":{"rendered":"<p>Jesie\u0144 i zima wymagaj\u0105 zmiany przyzwyczaje\u0144 od kierowc\u00f3w, aby je\u017adzi\u0107 bezpiecznie. Spory wzrost wypadk\u00f3w na polskich drogach notuje si\u0119 w\u0142a\u015bnie na pocz\u0105tku sezonu jesiennego, gdy pogarszaj\u0105 si\u0119 warunki atmosferyczne, na drogach zalegaj\u0105 li\u015bcie a w ruch id\u0105 wycieraczki, walcz\u0105ce z zanieczyszczeniem szyb. Mokre li\u015bcie, silny wiatr, deszcz, \u015bnieg Kr\u00f3tszy dzie\u0144, szybciej zapadaj\u0105cy zmrok, poranne przymrozki,<\/p>\n","protected":false},"author":2,"featured_media":1949,"comment_status":"closed","ping_status":"closed","sticky":false,"template":"","format":"standard","meta":{"footnotes":""},"categories":[36],"tags":[64,65,61,66],"class_list":{"0":"post-1948","1":"post","2":"type-post","3":"status-publish","4":"format-standard","5":"has-post-thumbnail","7":"category-wiadomosci","8":"tag-bezpieczenstwo","9":"tag-kierowca","10":"tag-samochod","11":"tag-zima"},"amp_enabled":true,"_links":{"self":[{"href":"https:\/\/czasnamoto.pl\/index.php\/wp-json\/wp\/v2\/posts\/1948","targetHints":{"allow":["GET"]}}],"collection":[{"href":"https:\/\/czasnamoto.pl\/index.php\/wp-json\/wp\/v2\/posts"}],"about":[{"href":"https:\/\/czasnamoto.pl\/index.php\/wp-json\/wp\/v2\/types\/post"}],"author":[{"embeddable":true,"href":"https:\/\/czasnamoto.pl\/index.php\/wp-json\/wp\/v2\/users\/2"}],"replies":[{"embeddable":true,"href":"https:\/\/czasnamoto.pl\/index.php\/wp-json\/wp\/v2\/comments?post=1948"}],"version-history":[{"count":0,"href":"https:\/\/czasnamoto.pl\/index.php\/wp-json\/wp\/v2\/posts\/1948\/revisions"}],"wp:featuredmedia":[{"embeddable":true,"href":"https:\/\/czasnamoto.pl\/index.php\/wp-json\/wp\/v2\/media\/1949"}],"wp:attachment":[{"href":"https:\/\/czasnamoto.pl\/index.php\/wp-json\/wp\/v2\/media?parent=1948"}],"wp:term":[{"taxonomy":"category","embeddable":true,"href":"https:\/\/czasnamoto.pl\/index.php\/wp-json\/wp\/v2\/categories?post=1948"},{"taxonomy":"post_tag","embeddable":true,"href":"https:\/\/czasnamoto.pl\/index.php\/wp-json\/wp\/v2\/tags?post=1948"}],"curies":[{"name":"wp","href":"https:\/\/api.w.org\/{rel}","templated":true}]}}