{"id":1931,"date":"2020-11-25T18:24:35","date_gmt":"2020-11-25T17:24:35","guid":{"rendered":"https:\/\/czasnamoto.pl\/?p=1931"},"modified":"2020-11-25T18:24:35","modified_gmt":"2020-11-25T17:24:35","slug":"brak-polisy-oc-nowe-rozporzadzenia-i-kary","status":"publish","type":"post","link":"https:\/\/czasnamoto.pl\/index.php\/2020\/11\/25\/brak-polisy-oc-nowe-rozporzadzenia-i-kary\/","title":{"rendered":"Brak polisy OC. Nowe rozporz\u0105dzenia i kary"},"content":{"rendered":"\n<p>Ubezpieczeniowy Fundusz Gwarancyjny poda\u0142 nowe kwoty, kt\u00f3re b\u0119d\u0105 obowi\u0105zywa\u0107 w 2021 roku za brak polisy OC. Wynika to z ustawy reguluj\u0105cej kwestie obowi\u0105zkowego ubezpieczenia OC zgodnie, z kt\u00f3r\u0105 finansow\u0105 podstaw\u0105 do obliczenia op\u0142aty jest wysoko\u015b\u0107 p\u0142acy minimalnej, a ta jak wiemy, r\u00f3wnie\u017c zosta\u0142a w tym roku podniesiona i przyj\u0119ta przez Rad\u0119 Ministr\u00f3w jako obowi\u0105zuj\u0105c\u0105 od 1 stycznia 2021 r. w wysoko\u015bci 2.800 z\u0142. Sankcje te podnios\u0142y si\u0119 w przypadku braku polisy OC auta osobowego do 5,6 tys. z\u0142 oraz do 8,4 tysi\u0105ca z\u0142otych w przypadku samochodu ci\u0119\u017carowego, autobusu lub ci\u0105gnika samochodowego.<\/p>\n\n\n\n<figure class=\"wp-block-image size-large\"><img fetchpriority=\"high\" decoding=\"async\" width=\"1024\" height=\"722\" src=\"https:\/\/czasnamoto.pl\/wp-content\/uploads\/2020\/11\/police-378255_1920-1024x722.jpg\" alt=\"\" class=\"wp-image-1933\" srcset=\"https:\/\/czasnamoto.pl\/wp-content\/uploads\/2020\/11\/police-378255_1920-1024x722.jpg 1024w, https:\/\/czasnamoto.pl\/wp-content\/uploads\/2020\/11\/police-378255_1920-300x212.jpg 300w, https:\/\/czasnamoto.pl\/wp-content\/uploads\/2020\/11\/police-378255_1920-768x542.jpg 768w, https:\/\/czasnamoto.pl\/wp-content\/uploads\/2020\/11\/police-378255_1920-1536x1083.jpg 1536w, https:\/\/czasnamoto.pl\/wp-content\/uploads\/2020\/11\/police-378255_1920-150x106.jpg 150w, https:\/\/czasnamoto.pl\/wp-content\/uploads\/2020\/11\/police-378255_1920-450x317.jpg 450w, https:\/\/czasnamoto.pl\/wp-content\/uploads\/2020\/11\/police-378255_1920-1200x846.jpg 1200w, https:\/\/czasnamoto.pl\/wp-content\/uploads\/2020\/11\/police-378255_1920.jpg 1920w\" sizes=\"(max-width: 1024px) 100vw, 1024px\" \/><\/figure>\n\n\n\n<p><strong>Jak dok\u0142adnie ustalana jest kara za brak polisy OC?<\/strong><\/p>\n\n\n\n<p>Maksymalna kara za brak polisy OC dla posiadaczy samochod\u00f3w osobowych wynosi 2-krotno\u015b\u0107 pensji minimalnej, czyli 5.600 z\u0142. Grzywna dla w\u0142a\u015bcicieli pojazd\u00f3w ci\u0119\u017carowych wynie\u015b\u0107 mo\u017ce maksymalnie 3-krotno\u015b\u0107 najmniejszego wynagrodzenia, czyli 8.400 z\u0142. W\u0142a\u015bciciele motocykli i skuter\u00f3w natomiast zap\u0142aci\u0107 mog\u0105 maksymalnie 930 z\u0142, czyli 1\/3 stawki p\u0142acy minimalnej. Wysoko\u015b\u0107 op\u0142aty za brak OC komunikacyjnego jest uzale\u017cniona nie tylko od rodzaju posiadanego pojazdu, ale r\u00f3wnie\u017c od d\u0142ugo\u015bci okresu pozostawienia pojazdu bez ochrony ubezpieczeniowej w danym roku kalendarzowym.<\/p>\n\n\n\n<p>Je\u015bli pojazd zarejestrowany w Polsce pozostaje bez wa\u017cnego ubezpieczenia d\u0142u\u017cej ni\u017c dwa tygodnie, wtedy kierowca musi liczy\u0107 si\u0119 z najwy\u017csz\u0105 grzywn\u0105. Kierowca, kt\u00f3ry nie posiada OC od 4 do 14 dni otrzyma mandat w wysoko\u015bci 1\/2 ca\u0142kowitej kwoty, natomiast je\u015bli minie zaledwie kilka dni bez ubezpieczenia,\u00a0 czyli do 3ech dni, czeka go najmniejsza kwota grzywny, czyli 20% kwoty maksymalnej.<\/p>\n\n\n\n<figure class=\"wp-block-image size-large\"><img decoding=\"async\" width=\"1024\" height=\"647\" src=\"https:\/\/czasnamoto.pl\/wp-content\/uploads\/2020\/11\/police-224426_1920-1024x647.jpg\" alt=\"\" class=\"wp-image-1934\" srcset=\"https:\/\/czasnamoto.pl\/wp-content\/uploads\/2020\/11\/police-224426_1920-1024x647.jpg 1024w, https:\/\/czasnamoto.pl\/wp-content\/uploads\/2020\/11\/police-224426_1920-300x190.jpg 300w, https:\/\/czasnamoto.pl\/wp-content\/uploads\/2020\/11\/police-224426_1920-768x486.jpg 768w, https:\/\/czasnamoto.pl\/wp-content\/uploads\/2020\/11\/police-224426_1920-1536x971.jpg 1536w, https:\/\/czasnamoto.pl\/wp-content\/uploads\/2020\/11\/police-224426_1920-150x95.jpg 150w, https:\/\/czasnamoto.pl\/wp-content\/uploads\/2020\/11\/police-224426_1920-450x285.jpg 450w, https:\/\/czasnamoto.pl\/wp-content\/uploads\/2020\/11\/police-224426_1920-1200x759.jpg 1200w, https:\/\/czasnamoto.pl\/wp-content\/uploads\/2020\/11\/police-224426_1920.jpg 1920w\" sizes=\"(max-width: 1024px) 100vw, 1024px\" \/><\/figure>\n\n\n\n<p><strong>Egzekucja za brak op\u0142aty grzywny<\/strong><\/p>\n\n\n\n<p>Brak polisy jest do sprawdzenia przez Ubezpieczeniowy Fundusz Gwarancyjny w og\u00f3lnopolskiej bazie polis komunikacyjnych i na podstawie tego Fundusz zwraca si\u0119 o okazanie wa\u017cnej polisy lub zap\u0142acenie kary i p\u00f3\u017aniej przypomina o konieczno\u015bci wyja\u015bnienia sprawy. Dopiero po tych pr\u00f3bach i braku odpowiedzi, UFG przekazuje \u015bci\u0105gni\u0119cie kary do urz\u0119du skarbowego i wszczyna egzekucj\u0119. Urz\u0105d skarbowy mo\u017ce odzyska\u0107 pieni\u0105dze podobnie jak w przypadku innych nieop\u0142aconych mandat\u00f3w, z wynagrodzenia, z rachunk\u00f3w bankowych, z nadp\u0142aty podatku dochodowego lub podatku od nieruchomo\u015bci.<\/p>\n","protected":false},"excerpt":{"rendered":"<p>Ubezpieczeniowy Fundusz Gwarancyjny poda\u0142 nowe kwoty, kt\u00f3re b\u0119d\u0105 obowi\u0105zywa\u0107 w 2021 roku za brak polisy OC. Wynika to z ustawy reguluj\u0105cej kwestie obowi\u0105zkowego ubezpieczenia OC zgodnie, z kt\u00f3r\u0105 finansow\u0105 podstaw\u0105 do obliczenia op\u0142aty jest wysoko\u015b\u0107 p\u0142acy minimalnej, a ta jak wiemy, r\u00f3wnie\u017c zosta\u0142a w tym roku podniesiona i przyj\u0119ta przez Rad\u0119 Ministr\u00f3w jako obowi\u0105zuj\u0105c\u0105 od<\/p>\n","protected":false},"author":2,"featured_media":1932,"comment_status":"closed","ping_status":"closed","sticky":false,"template":"","format":"standard","meta":{"footnotes":""},"categories":[36,47],"tags":[52,53,54,55],"class_list":{"0":"post-1931","1":"post","2":"type-post","3":"status-publish","4":"format-standard","5":"has-post-thumbnail","7":"category-wiadomosci","8":"category-wszystkie","9":"tag-oc","10":"tag-policja","11":"tag-polisa-oc","12":"tag-ubezpieczenie"},"amp_enabled":true,"_links":{"self":[{"href":"https:\/\/czasnamoto.pl\/index.php\/wp-json\/wp\/v2\/posts\/1931","targetHints":{"allow":["GET"]}}],"collection":[{"href":"https:\/\/czasnamoto.pl\/index.php\/wp-json\/wp\/v2\/posts"}],"about":[{"href":"https:\/\/czasnamoto.pl\/index.php\/wp-json\/wp\/v2\/types\/post"}],"author":[{"embeddable":true,"href":"https:\/\/czasnamoto.pl\/index.php\/wp-json\/wp\/v2\/users\/2"}],"replies":[{"embeddable":true,"href":"https:\/\/czasnamoto.pl\/index.php\/wp-json\/wp\/v2\/comments?post=1931"}],"version-history":[{"count":0,"href":"https:\/\/czasnamoto.pl\/index.php\/wp-json\/wp\/v2\/posts\/1931\/revisions"}],"wp:featuredmedia":[{"embeddable":true,"href":"https:\/\/czasnamoto.pl\/index.php\/wp-json\/wp\/v2\/media\/1932"}],"wp:attachment":[{"href":"https:\/\/czasnamoto.pl\/index.php\/wp-json\/wp\/v2\/media?parent=1931"}],"wp:term":[{"taxonomy":"category","embeddable":true,"href":"https:\/\/czasnamoto.pl\/index.php\/wp-json\/wp\/v2\/categories?post=1931"},{"taxonomy":"post_tag","embeddable":true,"href":"https:\/\/czasnamoto.pl\/index.php\/wp-json\/wp\/v2\/tags?post=1931"}],"curies":[{"name":"wp","href":"https:\/\/api.w.org\/{rel}","templated":true}]}}