{"id":1842,"date":"2020-09-17T19:13:42","date_gmt":"2020-09-17T17:13:42","guid":{"rendered":"https:\/\/czasnamoto.pl\/?p=1842"},"modified":"2020-09-17T19:13:42","modified_gmt":"2020-09-17T17:13:42","slug":"road-safety-days-wzmozone-kontrole-na-drogach-pierwsza-taka-akcja-drogowa-w-2020-r","status":"publish","type":"post","link":"https:\/\/czasnamoto.pl\/index.php\/2020\/09\/17\/road-safety-days-wzmozone-kontrole-na-drogach-pierwsza-taka-akcja-drogowa-w-2020-r\/","title":{"rendered":"\u201eRoad Safety Days\u201d Wzmo\u017cone kontrole na drogach. Pierwsza taka akcja drogowa w 2020 r."},"content":{"rendered":"<div><\/div>\n<div>\n<p class=\"Standard\">Ju\u017c dzi\u015b rusza Europejski Krajowy Tydzie\u0144 Bezpiecze\u0144stwa Ruchu Drogowego, kt\u00f3ry potrwa do 22 wrze\u015bnia.<\/p>\n<p class=\"Standard\"><img decoding=\"async\" class=\"wp-image-1849 alignleft\" src=\"https:\/\/czasnamoto.pl\/wp-content\/uploads\/2020\/09\/ivana-tanaskovic-zXpKtTIkeos-unsplash-1024x683.jpg\" alt=\"\" width=\"219\" height=\"146\" \/>Dzia\u0142ania te koordynowane s\u0105 przez Europejsk\u0105 Organizacj\u0119 Policji Ruchu Drogowego ROADPOL oraz popierane m.in. przez Komisj\u0119 Europejsk\u0105 i Europejsk\u0105 Rad\u0119 Bezpiecze\u0144stwa Ruchu Drogowego (ETSC).<\/p>\n<p class=\"Standard\">Dni bezpiecze\u0144stwa ruchu drogowego to akcja, kt\u00f3ra b\u0119dzie przeprowadzona we wszystkich europejskich krajach. Kierowcy r\u00f3wnie\u017c na polskich drogach poza standardowymi dzia\u0142aniami policjant\u00f3w, b\u0119d\u0105 musieli liczy\u0107 si\u0119 z kaskadowymi kontrolami pomiaru pr\u0119dko\u015bci.<\/p>\n<\/div>\n<div>\n<p class=\"Standard\">Szczeg\u00f3lnie czujni powinni by\u0107 kierowcy wyje\u017cd\u017caj\u0105cy na drog\u0119 w sobot\u0119, 18 wrze\u015bnia, gdy odb\u0119dzie si\u0119 najbardziej wzmo\u017cona kontrola, akcja kaskadowego pomiaru pr\u0119dko\u015bci.<\/p>\n<\/div>\n<div>\n<p class=\"Standard\">Na czym polega kaskadowy pomiar pr\u0119dko\u015bci?<\/p>\n<\/div>\n<div>\n<p class=\"Standard\">Jest to podw\u00f3jna kontrola pr\u0119dko\u015bci, polegaj\u0105ca na ustawieniu dw\u00f3ch punkt\u00f3w z patrolami w niewielkiej odleg\u0142o\u015bci od siebie, aby mie\u0107 wi\u0119ksz\u0105 skuteczno\u015b\u0107 w karaniu tych, kt\u00f3rzy przyspieszaj\u0105 po mini\u0119ciu radiowozu. To \u0142atwy spos\u00f3b na wy\u0142apanie najwi\u0119kszych pirat\u00f3w drogowych. W ci\u0105gu kilku minut piraci drogowi mog\u0105 otrzyma\u0107 dwa mandaty.\u00a0 Celem tych dzia\u0142a\u0144 jest rzecz jasna poprawa bezpiecze\u0144stwa na drogach poprzez zmian\u0119 z\u0142ych nawyk\u00f3w kierowc\u00f3w.\u00a0 Dzia\u0142ania te d\u0105\u017c\u0105 do za\u0142o\u017ce\u0144 zgodnych z \u201ewizj\u0105 zero&#8221; \u2013 zero ofiar \u015bmiertelnych w wypadkach drogowych.<\/p>\n<\/div>\n<div>\n<p class=\"Textbody\">18 wrze\u015bnia w ramach akcji &#8220;Road Safety Days&#8221; prowadzone b\u0119d\u0105 kaskadowe pomiary pr\u0119dko\u015bci. Ci kierowcy, kt\u00f3rzy nagminnie ignoruj\u0105 przepisy, nie b\u0119d\u0105 mogli liczy\u0107 na taryf\u0119 ulgow\u0105 \u2013 ostrzega Biuro Ruchu Drogowego Komendy G\u0142\u00f3wnej Policji.<\/p>\n<\/div>\n<div>\n<p class=\"Textbody\"><img fetchpriority=\"high\" decoding=\"async\" class=\"size-medium wp-image-1704 alignleft\" src=\"https:\/\/czasnamoto.pl\/wp-content\/uploads\/2020\/08\/daniel-tafjord-7fvDGo9Zq7k-unsplash-200x300.jpg\" alt=\"\" width=\"200\" height=\"300\" \/>BRD KGP poda\u0142o, \u017ce w tym roku prawo jazdy za przekroczenie pr\u0119dko\u015bci o ponad 50 km\/h w obszarze zabudowanym zosta\u0142o zatrzymane ju\u017c 46 567 kierowcom. To wzrost o ponad 35 procent w stosunku do roku poprzedniego.\u00a0 Akcja &#8220;Road Safety Days&#8221; (wcze\u015bniej znana jako EDWARD &#8211; Europejski Dzie\u0144 Bez Ofiar \u015amiertelnych Na Drogach) to dzia\u0142ania bardzo potrzebne, bo w 2020 roku niemal codziennie dochodzi do \u015bmiertelnych wypadk\u00f3w.<\/p>\n<\/div>\n<div>\n<p class=\"Textbody\">W promowanie bezpiecze\u0144stwa w\u00a0ruchu drogowym, w\u0142\u0105czy\u0142a si\u0119 m.in. firma Screen Network poprzez emisj\u0119 na\u00a0ekranach LED rozmieszczonych m.in. przy g\u0142\u00f3wnych ci\u0105gach komunikacyjnych, dworcach, stacjach paliw i\u00a0centrach handlowych spotu, kt\u00f3rego has\u0142em przewodnim jest: \u201e\u017byj i\u00a0pozw\u00f3l \u017cy\u0107 innym\u201d.<\/p>\n<\/div>\n<div>\n<p class=\"Standard\">\n<\/div>\n","protected":false},"excerpt":{"rendered":"<p>Ju\u017c dzi\u015b rusza Europejski Krajowy Tydzie\u0144 Bezpiecze\u0144stwa Ruchu Drogowego, kt\u00f3ry potrwa do 22 wrze\u015bnia. Dzia\u0142ania te koordynowane s\u0105 przez Europejsk\u0105 Organizacj\u0119 Policji Ruchu Drogowego ROADPOL oraz popierane m.in. przez Komisj\u0119 Europejsk\u0105 i Europejsk\u0105 Rad\u0119 Bezpiecze\u0144stwa Ruchu Drogowego (ETSC). Dni bezpiecze\u0144stwa ruchu drogowego to akcja, kt\u00f3ra b\u0119dzie przeprowadzona we wszystkich europejskich krajach. Kierowcy r\u00f3wnie\u017c na polskich<\/p>\n","protected":false},"author":1,"featured_media":1844,"comment_status":"closed","ping_status":"closed","sticky":false,"template":"","format":"standard","meta":{"footnotes":""},"categories":[36],"tags":[],"class_list":{"0":"post-1842","1":"post","2":"type-post","3":"status-publish","4":"format-standard","5":"has-post-thumbnail","7":"category-wiadomosci"},"amp_enabled":true,"_links":{"self":[{"href":"https:\/\/czasnamoto.pl\/index.php\/wp-json\/wp\/v2\/posts\/1842","targetHints":{"allow":["GET"]}}],"collection":[{"href":"https:\/\/czasnamoto.pl\/index.php\/wp-json\/wp\/v2\/posts"}],"about":[{"href":"https:\/\/czasnamoto.pl\/index.php\/wp-json\/wp\/v2\/types\/post"}],"author":[{"embeddable":true,"href":"https:\/\/czasnamoto.pl\/index.php\/wp-json\/wp\/v2\/users\/1"}],"replies":[{"embeddable":true,"href":"https:\/\/czasnamoto.pl\/index.php\/wp-json\/wp\/v2\/comments?post=1842"}],"version-history":[{"count":0,"href":"https:\/\/czasnamoto.pl\/index.php\/wp-json\/wp\/v2\/posts\/1842\/revisions"}],"wp:featuredmedia":[{"embeddable":true,"href":"https:\/\/czasnamoto.pl\/index.php\/wp-json\/wp\/v2\/media\/1844"}],"wp:attachment":[{"href":"https:\/\/czasnamoto.pl\/index.php\/wp-json\/wp\/v2\/media?parent=1842"}],"wp:term":[{"taxonomy":"category","embeddable":true,"href":"https:\/\/czasnamoto.pl\/index.php\/wp-json\/wp\/v2\/categories?post=1842"},{"taxonomy":"post_tag","embeddable":true,"href":"https:\/\/czasnamoto.pl\/index.php\/wp-json\/wp\/v2\/tags?post=1842"}],"curies":[{"name":"wp","href":"https:\/\/api.w.org\/{rel}","templated":true}]}}