{"id":1779,"date":"2020-08-17T13:19:43","date_gmt":"2020-08-17T11:19:43","guid":{"rendered":"https:\/\/czasnamoto.pl\/?p=1779"},"modified":"2020-08-17T13:19:43","modified_gmt":"2020-08-17T11:19:43","slug":"auta-gwiazd-jakimi-samochodami-jezdza-polscy-celebryci","status":"publish","type":"post","link":"https:\/\/czasnamoto.pl\/index.php\/2020\/08\/17\/auta-gwiazd-jakimi-samochodami-jezdza-polscy-celebryci\/","title":{"rendered":"Auta gwiazd- Jakimi samochodami je\u017cd\u017c\u0105 polscy celebryci?"},"content":{"rendered":"<p>Nie od dzi\u015b wiadomo, \u017ce nasze wymagania bardzo cz\u0119sto rosn\u0105 wprost proporcjonalnie do naszych zarobk\u00f3w.<\/p>\n<p>Nic wi\u0119c dziwnego, \u017ce gwiazdy i celebryci cz\u0119sto nie potrafi\u0105 odm\u00f3wi\u0107 sobie zakupu nowej zabawki jak\u0105 jest szybkie i luksusowe auto. Drogie auta s\u0105 symbolem luksusu, o czym wiedz\u0105 mi\u0142o\u015bnicy tego typu gad\u017cet\u00f3w. Kt\u00f3re gwiazdy decyduj\u0105 si\u0119 na najdro\u017csze zabawki i jakie auta wybieraj\u0105 znani i lubiani ze \u015bwiata polskiego showbiznesu?<\/p>\n<blockquote><p><strong>Kuba Wojew\u00f3dzki:<\/strong><\/p><\/blockquote>\n<p><img fetchpriority=\"high\" decoding=\"async\" class=\"alignnone size-large wp-image-1780\" src=\"https:\/\/czasnamoto.pl\/wp-content\/uploads\/2020\/08\/Zrzut-ekranu-2020-08-17-o-13.03.38-1024x410.png\" alt=\"\" width=\"660\" height=\"264\" \/><\/p>\n<p>Liderem w\u015br\u00f3d gwiazd jest zdecydowanie Kuba Wojew\u00f3dzki. Kr\u00f3l TVN-u od zawsze uwielbia\u0142 si\u0119 wyr\u00f3\u017cnia\u0107 i zdecydowanie pomaga\u0142y mu w tym pi\u0119kne kobiety, a tak\u017ce\u2026szybkie i drogie samochody. Showman zmienia swoje auta prawie tak cz\u0119sto jak partnerki, a na swoim koncie mia\u0142 zakup takich woz\u00f3w jak Ferrari F430, Ferrari 599 GTB, czy Maserati. Jednak prawdziw\u0105 per\u0142\u0105 w jego kolekcji by\u0142o zdecydowanie Lamborghini Aventador, kt\u00f3re rozp\u0119dza si\u0119 do 100km na godzin\u0119 w niespe\u0142na 3 sekundy. C\u00f3\u017c, przynajmniej jedno jest pewne- Kuba nie ma problemu z punktualno\u015bci\u0105, bo jego auta osi\u0105gaj\u0105 zdecydowanie zawrotn\u0105 pr\u0119dko\u015b\u0107.<\/p>\n<blockquote><p><strong>Patryk Vega:<\/strong><\/p><\/blockquote>\n<p><img decoding=\"async\" class=\"wp-image-1781 alignleft\" src=\"https:\/\/czasnamoto.pl\/wp-content\/uploads\/2020\/08\/Zrzut-ekranu-2020-08-17-o-12.58.54.png\" alt=\"\" width=\"371\" height=\"341\" srcset=\"https:\/\/czasnamoto.pl\/wp-content\/uploads\/2020\/08\/Zrzut-ekranu-2020-08-17-o-12.58.54.png 640w, https:\/\/czasnamoto.pl\/wp-content\/uploads\/2020\/08\/Zrzut-ekranu-2020-08-17-o-12.58.54-300x276.png 300w, https:\/\/czasnamoto.pl\/wp-content\/uploads\/2020\/08\/Zrzut-ekranu-2020-08-17-o-12.58.54-150x138.png 150w, https:\/\/czasnamoto.pl\/wp-content\/uploads\/2020\/08\/Zrzut-ekranu-2020-08-17-o-12.58.54-450x413.png 450w\" sizes=\"(max-width: 371px) 100vw, 371px\" \/><\/p>\n<p>Re\u017cyser lubi si\u0119 wyr\u00f3\u017cnia\u0107.<\/p>\n<p>Nic dziwnego- w ko\u0144cu jego filmy nie pozostaj\u0105 bez echa i wzbudzaj\u0105 bardzo du\u017co emocji i kontrowersji.<\/p>\n<p>Podobnie jak szybka jazda samochodem. W\u0142a\u015bnie dlatego Vega zdecydowa\u0142 si\u0119 na luksusowe lamborghini, kt\u00f3rego warto\u015b\u0107 to 2 miliony z\u0142otych.<\/p>\n<p>Sam design przyprawia prawie o takie zawroty g\u0142owy jak cena, gdy\u017c auto zdecydowanie nie pozostaje niezauwa\u017cone na ulicy, a swoj\u0105 lini\u0105 przypomina w\u00f3z superbohatera.<\/p>\n<p>By\u0107 mo\u017ce Vega uwa\u017ca si\u0119 zatem za superre\u017cysera, o czym \u015bwiadcz\u0105 kolejne sukcesy na jego filmowym koncie.<\/p>\n<blockquote><p><strong>Ma\u0142gosia Socha i Basia Kurdej Szatan:<\/strong><\/p><\/blockquote>\n<p><img decoding=\"async\" class=\"wp-image-1782 alignleft\" src=\"https:\/\/czasnamoto.pl\/wp-content\/uploads\/2020\/08\/Zrzut-ekranu-2020-08-17-o-13.01.59.png\" alt=\"\" width=\"265\" height=\"364\" srcset=\"https:\/\/czasnamoto.pl\/wp-content\/uploads\/2020\/08\/Zrzut-ekranu-2020-08-17-o-13.01.59.png 466w, https:\/\/czasnamoto.pl\/wp-content\/uploads\/2020\/08\/Zrzut-ekranu-2020-08-17-o-13.01.59-218x300.png 218w, https:\/\/czasnamoto.pl\/wp-content\/uploads\/2020\/08\/Zrzut-ekranu-2020-08-17-o-13.01.59-150x206.png 150w, https:\/\/czasnamoto.pl\/wp-content\/uploads\/2020\/08\/Zrzut-ekranu-2020-08-17-o-13.01.59-450x618.png 450w\" sizes=\"(max-width: 265px) 100vw, 265px\" \/><\/p>\n<p>Obie panie bardzo ceni\u0105 sobie bezpiecze\u0144stwo i wygod\u0119. Nic wi\u0119c dziwnego, \u017ce wybra\u0142y auta, kt\u00f3re \u0142\u0105czy w sobie wszystkie te cechy. Aktorki postawi\u0142y na mark\u0119 JAGUAR, kt\u00f3ra dzi\u0119ki swojej zgrabnej linii \u015bwietnie prezentuje si\u0119 na drodze, a przy okazji pomie\u015bci wszystkich cz\u0142onk\u00f3w rodziny- kt\u00f3rych w przypadku Gosi Sochy jest naprawd\u0119 sporo. A i Basia niebawem ponownie zostanie mam\u0105 wi\u0119c du\u017co miejsca w samochodzie b\u0119dzie na pewno du\u017cym atutem.<\/p>\n<blockquote><p><strong>Martyna Wojciechowska:<\/strong><\/p><\/blockquote>\n<p>Jedna z najbardziej znanych polskich podr\u00f3\u017cniczek wybra\u0142a auto, kt\u00f3re idealnie wpisuje si\u0119 w jej wojowniczy charakter. Gdy na ulicy spotkacie zielonego, wojskowego Mercedesa klasy G, to macie spore szanse, \u017ce jedzie nim w\u0142a\u015bnie Martyna.<\/p>\n<p>Trzeba przyzna\u0107, \u017ce to auto na pewno poradzi sobie z ka\u017cd\u0105 przeszkod\u0105, podobnie jak Martyna. Duet idealny!<\/p>\n<p>&nbsp;<\/p>\n<blockquote><p><strong>Ma\u0142gorzata Rozenek i Rados\u0142aw Majdan:<\/strong><\/p><\/blockquote>\n<p><a href=\"https:\/\/www.instagram.com\/r_majdan\/?hl=pl\"><img loading=\"lazy\" decoding=\"async\" class=\"alignnone size-large wp-image-1783\" src=\"https:\/\/czasnamoto.pl\/wp-content\/uploads\/2020\/08\/Zrzut-ekranu-2020-08-17-o-13.18.18-1024x391.png\" alt=\"\" width=\"660\" height=\"252\" \/><\/a><\/p>\n<p>Jak przysta\u0142o na perfekcyjn\u0105 par\u0119 polskiego showbiznesu, ich auta tak\u017ce musi by\u0107 perfekcyjne. Wyb\u00f3r pad\u0142 zatem na dwa niezwykle luksusowe samochody: Audi A7 Sportback lub BMW X7. Zar\u00f3wno jedno, jak i drugie auto ciesz\u0105 si\u0119 bardzo dobr\u0105 opini\u0105 i uwa\u017cane s\u0105 za synonim luksusu. Nic wi\u0119c dziwnego, \u017ce wpasowa\u0142y si\u0119 w rodzin\u0119 Gosi i Radka.<\/p>\n<p><strong>Kt\u00f3re z tych aut s\u0105 najbli\u017csze Waszym wymaganiom..?<\/strong><\/p>\n<p><em>autor: Karolina Motylewska<\/em><\/p>\n<p>&nbsp;<\/p>\n","protected":false},"excerpt":{"rendered":"<p>Nie od dzi\u015b wiadomo, \u017ce nasze wymagania bardzo cz\u0119sto rosn\u0105 wprost proporcjonalnie do naszych zarobk\u00f3w. Nic wi\u0119c dziwnego, \u017ce gwiazdy i celebryci cz\u0119sto nie potrafi\u0105 odm\u00f3wi\u0107 sobie zakupu nowej zabawki jak\u0105 jest szybkie i luksusowe auto. Drogie auta s\u0105 symbolem luksusu, o czym wiedz\u0105 mi\u0142o\u015bnicy tego typu gad\u017cet\u00f3w. Kt\u00f3re gwiazdy decyduj\u0105 si\u0119 na najdro\u017csze zabawki<\/p>\n","protected":false},"author":1,"featured_media":1785,"comment_status":"closed","ping_status":"closed","sticky":false,"template":"","format":"standard","meta":{"footnotes":""},"categories":[36,37],"tags":[118,119,120,121],"class_list":{"0":"post-1779","1":"post","2":"type-post","3":"status-publish","4":"format-standard","5":"has-post-thumbnail","7":"category-wiadomosci","8":"category-wywiady-i-opinie","9":"tag-auta","10":"tag-celebryci","11":"tag-gwiazdy","12":"tag-samochody-gwiazd"},"amp_enabled":true,"_links":{"self":[{"href":"https:\/\/czasnamoto.pl\/index.php\/wp-json\/wp\/v2\/posts\/1779","targetHints":{"allow":["GET"]}}],"collection":[{"href":"https:\/\/czasnamoto.pl\/index.php\/wp-json\/wp\/v2\/posts"}],"about":[{"href":"https:\/\/czasnamoto.pl\/index.php\/wp-json\/wp\/v2\/types\/post"}],"author":[{"embeddable":true,"href":"https:\/\/czasnamoto.pl\/index.php\/wp-json\/wp\/v2\/users\/1"}],"replies":[{"embeddable":true,"href":"https:\/\/czasnamoto.pl\/index.php\/wp-json\/wp\/v2\/comments?post=1779"}],"version-history":[{"count":0,"href":"https:\/\/czasnamoto.pl\/index.php\/wp-json\/wp\/v2\/posts\/1779\/revisions"}],"wp:featuredmedia":[{"embeddable":true,"href":"https:\/\/czasnamoto.pl\/index.php\/wp-json\/wp\/v2\/media\/1785"}],"wp:attachment":[{"href":"https:\/\/czasnamoto.pl\/index.php\/wp-json\/wp\/v2\/media?parent=1779"}],"wp:term":[{"taxonomy":"category","embeddable":true,"href":"https:\/\/czasnamoto.pl\/index.php\/wp-json\/wp\/v2\/categories?post=1779"},{"taxonomy":"post_tag","embeddable":true,"href":"https:\/\/czasnamoto.pl\/index.php\/wp-json\/wp\/v2\/tags?post=1779"}],"curies":[{"name":"wp","href":"https:\/\/api.w.org\/{rel}","templated":true}]}}