{"id":1688,"date":"2020-08-08T09:02:46","date_gmt":"2020-08-08T07:02:46","guid":{"rendered":"http:\/\/czasnamoto.pl\/?p=1688"},"modified":"2020-08-08T09:02:46","modified_gmt":"2020-08-08T07:02:46","slug":"wiadomosci-wpis-4","status":"publish","type":"post","link":"https:\/\/czasnamoto.pl\/index.php\/2020\/08\/08\/wiadomosci-wpis-4\/","title":{"rendered":"Rajd Rzeszowski za nami!"},"content":{"rendered":"<p>Emocje rajdowe przez chwil\u0119 by\u0142y wstrzymane. Pandemia skutecznie unieruchomi\u0142a r\u00f3wnie\u017c eventy sportowe.<\/p>\n<p>Jednak w ubieg\u0142y weekend \u015bwiat motoryzacji od\u017cy\u0142 na nowo. D\u017awi\u0119k startuj\u0105cych rajd\u00f3wek, kibice na Oesach i strefa serwisowa fantastycznie przygotowana. Rajd Rzeszowski, to pierwszy polski rajd od czasu wprowadzenia pandemii. Wyj\u0105tkowe emocje, tysi\u0105ce kibic\u00f3w i rajdowa atmosfera odczuwalna w ca\u0142ym Rzeszowie.<\/p>\n<blockquote><p>\u0141\u0105cznie 76 za\u0142\u00f3g na listach zg\u0142osze\u0144 Rajdu Rzeszowskiego.<\/p><\/blockquote>\n<p><img fetchpriority=\"high\" decoding=\"async\" class=\"size-medium wp-image-1698 alignleft\" src=\"https:\/\/czasnamoto.pl\/wp-content\/uploads\/2020\/08\/IMG_7961-225x300.jpg\" alt=\"\" width=\"225\" height=\"300\" \/><\/p>\n<p>Impreza jest wliczana do czterech klasyfikacji; opublikowane listy dotycz\u0105 Rajdowego Trofeum Europy FIA ERT (16 zg\u0142osze\u0144), Mistrzostw Strefy Europy Centralnej FIA CEZ (16), Rajdowych Samochodowych Mistrzostw Polski (52 zg\u0142oszenia) oraz MOTUL Historycznych Rajdowych Samochodowych Mistrzostw Polski (22 zg\u0142oszenia, w tym 4 bez pomiaru czasu). \u00a0Pi\u0105ta lista natomiast, obejmuje wszystkie trzy pierwsze konkurencje; na niej widniej\u0105 54 za\u0142ogi. W\u015br\u00f3d nich s\u0105 dwa zg\u0142oszenia czeskie i jedno s\u0142owackie.<\/p>\n<p><strong>MARMA 29 z zaledwie 8 sekundow\u0105 przewag\u0105 wygrali<\/strong><\/p>\n<p>Jari Huttunen\/ Mikko Lukka, zajmuj\u0105c pierwsze miejsce w klasyfikacji RSMP.<\/p>\n<p>Drugie, Grzegorz Grzyb\/ Micha\u0142 Poradzisz<\/p>\n<p>Na podium r\u00f3wnie\u017c znale\u017ali si\u0119 Marcin S\u0142obodzian\/ Robert Hundla<\/p>\n<p><img decoding=\"async\" class=\"size-medium wp-image-1699 alignleft\" src=\"https:\/\/czasnamoto.pl\/wp-content\/uploads\/2020\/08\/IMG_7957-225x300.jpg\" alt=\"\" width=\"225\" height=\"300\" \/>Rajd dostarczy\u0142 wielu emocji, zw\u0142aszcza OS Lubenia, podczas kt\u00f3rego za\u0142ogi musia\u0142y zmierzy\u0107 si\u0119 z trudnym przejazdem przez przep\u0142ywaj\u0105c\u0105 rzeczk\u0119, nast\u0119pnie podjazd na most, ostry podw\u00f3jny skr\u0119t. Ca\u0142y Rajd \u015bledzi\u0142y niezwykle szybkie drony z kamerami, kt\u00f3re frun\u0119\u0142y za startuj\u0105cymi rajd\u00f3wkami.<\/p>\n<p>Najwi\u0119cej zwyci\u0119stw w Rajdzie Rzeszowskim zapisa\u0142 na swoim koncie Francuz Bryan Bouffier, kt\u00f3ry wygrywa\u0142 w Rzeszowie ju\u017c pi\u0119ciokrotnie. Trzykrotnie w zawodach tryumfowali Grzegorz Grzyb oraz Kajetan Kajetanowicz. W 2001 roku na karty historii polskiego sportu samochodowego wpisa\u0142y si\u0119 te\u017c Magdalena Cie\u015blik i Magda Lukas &#8211; pierwsza kobieca za\u0142oga, kt\u00f3ra zwyci\u0119\u017cy\u0142a w og\u00f3lnopolskiej imprezie.<\/p>\n<p><strong>W sezonie 2020 kierowcy, piloci i ich zespo\u0142y b\u0119d\u0105 wyj\u0105tkowo rywalizowali tylko w czterech rundach Rajdowych Samochodowych Mistrzostw Polski. <\/strong><\/p>\n<p>Trzy pierwsze zostan\u0105 rozegrane na Podkarpaciu (Rzesz\u00f3w), \u015al\u0105sku (Chorz\u00f3w) i Dolnym \u015al\u0105sku (\u015awidnica). Fina\u0142owa, czwarta runda to dobrze znany tak\u017ce naszym zawodnikom i kibicom Rajd Koszyc na S\u0142owacji. Odcinki specjalne wszystkich rajd\u00f3w maj\u0105 asfaltow\u0105 nawierzchni\u0119. Cztery rajdy zostan\u0105 rozegrane w nieca\u0142e trzy miesi\u0105ce, od 6 sierpnia do 18 pa\u017adziernika 2020 roku.<\/p>\n<p><strong>A ju\u017c wkr\u00f3tce 10-12 wrze\u015bnia kolejny Rajd- Rajd \u015al\u0105ska! Do zobaczenia na OS\u2019ach!<\/strong><a href=\"https:\/\/czasnamoto.pl\/wp-content\/uploads\/2020\/08\/IMG_7983.mov\"><br \/>\n<img decoding=\"async\" class=\"wp-image-1749 alignleft\" src=\"https:\/\/czasnamoto.pl\/wp-content\/uploads\/2020\/08\/Zrzut-ekranu-2020-08-10-o-09.33.31-283x300.png\" alt=\"\" width=\"161\" height=\"171\" srcset=\"https:\/\/czasnamoto.pl\/wp-content\/uploads\/2020\/08\/Zrzut-ekranu-2020-08-10-o-09.33.31-283x300.png 283w, https:\/\/czasnamoto.pl\/wp-content\/uploads\/2020\/08\/Zrzut-ekranu-2020-08-10-o-09.33.31-150x159.png 150w, https:\/\/czasnamoto.pl\/wp-content\/uploads\/2020\/08\/Zrzut-ekranu-2020-08-10-o-09.33.31.png 340w\" sizes=\"(max-width: 161px) 100vw, 161px\" \/><\/a><a href=\"https:\/\/czasnamoto.pl\/wp-content\/uploads\/2020\/08\/FullSizeRender-1.mov\"><img loading=\"lazy\" decoding=\"async\" class=\"wp-image-1750 alignleft\" src=\"https:\/\/czasnamoto.pl\/wp-content\/uploads\/2020\/08\/Zrzut-ekranu-2020-08-10-o-09.33.36-292x300.png\" alt=\"\" width=\"171\" height=\"176\" srcset=\"https:\/\/czasnamoto.pl\/wp-content\/uploads\/2020\/08\/Zrzut-ekranu-2020-08-10-o-09.33.36-292x300.png 292w, https:\/\/czasnamoto.pl\/wp-content\/uploads\/2020\/08\/Zrzut-ekranu-2020-08-10-o-09.33.36-150x154.png 150w, https:\/\/czasnamoto.pl\/wp-content\/uploads\/2020\/08\/Zrzut-ekranu-2020-08-10-o-09.33.36.png 354w\" sizes=\"(max-width: 171px) 100vw, 171px\" \/><\/a><a href=\"https:\/\/czasnamoto.pl\/wp-content\/uploads\/2020\/08\/IMG_7969.mov\"><img loading=\"lazy\" decoding=\"async\" class=\"wp-image-1751 alignleft\" src=\"https:\/\/czasnamoto.pl\/wp-content\/uploads\/2020\/08\/Zrzut-ekranu-2020-08-10-o-09.33.40-264x300.png\" alt=\"\" width=\"152\" height=\"173\" srcset=\"https:\/\/czasnamoto.pl\/wp-content\/uploads\/2020\/08\/Zrzut-ekranu-2020-08-10-o-09.33.40-264x300.png 264w, https:\/\/czasnamoto.pl\/wp-content\/uploads\/2020\/08\/Zrzut-ekranu-2020-08-10-o-09.33.40-150x170.png 150w, https:\/\/czasnamoto.pl\/wp-content\/uploads\/2020\/08\/Zrzut-ekranu-2020-08-10-o-09.33.40.png 326w\" sizes=\"(max-width: 152px) 100vw, 152px\" \/><\/a><\/p>\n<p>&nbsp;<\/p>\n<p>&nbsp;<\/p>\n<p>&nbsp;<\/p>\n<p>&nbsp;<\/p>\n<p><a href=\"https:\/\/czasnamoto.pl\/wp-content\/uploads\/2020\/08\/IMG_7917.mov\"><img loading=\"lazy\" decoding=\"async\" class=\"wp-image-1755 alignleft\" src=\"https:\/\/czasnamoto.pl\/wp-content\/uploads\/2020\/08\/Zrzut-ekranu-2020-08-10-o-09.42.49-258x300.png\" alt=\"\" width=\"162\" height=\"188\" srcset=\"https:\/\/czasnamoto.pl\/wp-content\/uploads\/2020\/08\/Zrzut-ekranu-2020-08-10-o-09.42.49-258x300.png 258w, https:\/\/czasnamoto.pl\/wp-content\/uploads\/2020\/08\/Zrzut-ekranu-2020-08-10-o-09.42.49-150x174.png 150w, https:\/\/czasnamoto.pl\/wp-content\/uploads\/2020\/08\/Zrzut-ekranu-2020-08-10-o-09.42.49.png 320w\" sizes=\"(max-width: 162px) 100vw, 162px\" \/><\/a> <a href=\"https:\/\/czasnamoto.pl\/wp-content\/uploads\/2020\/08\/IMG_7918.mov\"><img loading=\"lazy\" decoding=\"async\" class=\"alignnone  wp-image-1756\" src=\"https:\/\/czasnamoto.pl\/wp-content\/uploads\/2020\/08\/Zrzut-ekranu-2020-08-10-o-09.44.07-283x300.png\" alt=\"\" width=\"177\" height=\"187\" srcset=\"https:\/\/czasnamoto.pl\/wp-content\/uploads\/2020\/08\/Zrzut-ekranu-2020-08-10-o-09.44.07-283x300.png 283w, https:\/\/czasnamoto.pl\/wp-content\/uploads\/2020\/08\/Zrzut-ekranu-2020-08-10-o-09.44.07-150x159.png 150w, https:\/\/czasnamoto.pl\/wp-content\/uploads\/2020\/08\/Zrzut-ekranu-2020-08-10-o-09.44.07.png 360w\" sizes=\"(max-width: 177px) 100vw, 177px\" \/><\/a><\/p>\n<p>&nbsp;<\/p>\n","protected":false},"excerpt":{"rendered":"<p>Emocje rajdowe przez chwil\u0119 by\u0142y wstrzymane. Pandemia skutecznie unieruchomi\u0142a r\u00f3wnie\u017c eventy sportowe. Jednak w ubieg\u0142y weekend \u015bwiat motoryzacji od\u017cy\u0142 na nowo. D\u017awi\u0119k startuj\u0105cych rajd\u00f3wek, kibice na Oesach i strefa serwisowa fantastycznie przygotowana. Rajd Rzeszowski, to pierwszy polski rajd od czasu wprowadzenia pandemii. Wyj\u0105tkowe emocje, tysi\u0105ce kibic\u00f3w i rajdowa atmosfera odczuwalna w ca\u0142ym Rzeszowie. \u0141\u0105cznie 76<\/p>\n","protected":false},"author":1,"featured_media":1697,"comment_status":"closed","ping_status":"closed","sticky":false,"template":"","format":"standard","meta":{"footnotes":""},"categories":[36],"tags":[111,62,106],"class_list":{"0":"post-1688","1":"post","2":"type-post","3":"status-publish","4":"format-standard","5":"has-post-thumbnail","7":"category-wiadomosci","8":"tag-emocje","9":"tag-moto","10":"tag-rajdy"},"amp_enabled":true,"_links":{"self":[{"href":"https:\/\/czasnamoto.pl\/index.php\/wp-json\/wp\/v2\/posts\/1688","targetHints":{"allow":["GET"]}}],"collection":[{"href":"https:\/\/czasnamoto.pl\/index.php\/wp-json\/wp\/v2\/posts"}],"about":[{"href":"https:\/\/czasnamoto.pl\/index.php\/wp-json\/wp\/v2\/types\/post"}],"author":[{"embeddable":true,"href":"https:\/\/czasnamoto.pl\/index.php\/wp-json\/wp\/v2\/users\/1"}],"replies":[{"embeddable":true,"href":"https:\/\/czasnamoto.pl\/index.php\/wp-json\/wp\/v2\/comments?post=1688"}],"version-history":[{"count":0,"href":"https:\/\/czasnamoto.pl\/index.php\/wp-json\/wp\/v2\/posts\/1688\/revisions"}],"wp:featuredmedia":[{"embeddable":true,"href":"https:\/\/czasnamoto.pl\/index.php\/wp-json\/wp\/v2\/media\/1697"}],"wp:attachment":[{"href":"https:\/\/czasnamoto.pl\/index.php\/wp-json\/wp\/v2\/media?parent=1688"}],"wp:term":[{"taxonomy":"category","embeddable":true,"href":"https:\/\/czasnamoto.pl\/index.php\/wp-json\/wp\/v2\/categories?post=1688"},{"taxonomy":"post_tag","embeddable":true,"href":"https:\/\/czasnamoto.pl\/index.php\/wp-json\/wp\/v2\/tags?post=1688"}],"curies":[{"name":"wp","href":"https:\/\/api.w.org\/{rel}","templated":true}]}}